{"id":4169,"date":"2025-03-12T08:58:13","date_gmt":"2025-03-12T08:58:13","guid":{"rendered":"https:\/\/epigrama.co\/?p=4169"},"modified":"2025-03-26T11:56:00","modified_gmt":"2025-03-26T11:56:00","slug":"la-importancia-de-las-politicas-inclusivas-en-proyectos-creativos","status":"publish","type":"post","link":"https:\/\/epigrama.co\/en\/la-importancia-de-las-politicas-inclusivas-en-proyectos-creativos\/","title":{"rendered":"La Importancia de las Pol\u00edticas Inclusivas en Proyectos Creativos"},"content":{"rendered":"<div data-elementor-type=\"wp-post\" data-elementor-id=\"4169\" class=\"elementor elementor-4169\">\n\t\t\t\t<div class=\"elementor-element elementor-element-0c61293 e-flex e-con-boxed wpr-particle-no wpr-jarallax-no wpr-parallax-no wpr-sticky-section-no e-con e-parent\" data-id=\"0c61293\" data-element_type=\"container\">\n\t\t\t\t\t<div class=\"e-con-inner\">\n\t\t<div class=\"elementor-element elementor-element-bb1ab82 e-con-full e-flex wpr-particle-no wpr-jarallax-no wpr-parallax-no wpr-sticky-section-no e-con e-child\" data-id=\"bb1ab82\" data-element_type=\"container\">\n\t\t\t\t<div class=\"elementor-element elementor-element-c84743a elementor-widget elementor-widget-heading\" data-id=\"c84743a\" data-element_type=\"widget\" data-widget_type=\"heading.default\">\n\t\t\t\t<div class=\"elementor-widget-container\">\n\t\t\t\t\t<h1 class=\"elementor-heading-title elementor-size-default\">La Importancia de las Pol\u00edticas Inclusivas en Proyectos Creativos<\/h1>\t\t\t\t<\/div>\n\t\t\t\t<\/div>\n\t\t\t\t<div class=\"elementor-element elementor-element-0f3ccfd elementor-widget elementor-widget-text-editor\" data-id=\"0f3ccfd\" data-element_type=\"widget\" data-widget_type=\"text-editor.default\">\n\t\t\t\t<div class=\"elementor-widget-container\">\n\t\t\t\t\t\t\t\t\t<p data-pm-slice=\"1 1 []\">En el mundo del dise\u00f1o y la creatividad, la innovaci\u00f3n y la diversidad van de la mano. Las empresas que fomentan un entorno inclusivo no solo <strong>promueven la equidad<\/strong>, sino que tambi\u00e9n <strong>potencian su capacidad para generar ideas frescas<\/strong>, romper barreras y conectar con una audiencia m\u00e1s amplia.\u00a0<\/p><p data-pm-slice=\"1 1 []\">Sin embargo, la inclusi\u00f3n en estos proyectos no debe limitarse a una visi\u00f3n instrumentalista de la diversidad como un medio para la innovaci\u00f3n. M\u00e1s bien, debe entenderse como un principio \u00e9tico y estructural que permite la participaci\u00f3n equitativa de todas las personas involucradas.<\/p>\t\t\t\t\t\t\t\t<\/div>\n\t\t\t\t<\/div>\n\t\t\t\t<div class=\"elementor-element elementor-element-90eadc4 elementor-widget-divider--view-line elementor-widget elementor-widget-divider\" data-id=\"90eadc4\" data-element_type=\"widget\" data-widget_type=\"divider.default\">\n\t\t\t\t<div class=\"elementor-widget-container\">\n\t\t\t\t\t\t\t<div class=\"elementor-divider\">\n\t\t\t<span class=\"elementor-divider-separator\">\n\t\t\t\t\t\t<\/span>\n\t\t<\/div>\n\t\t\t\t\t\t<\/div>\n\t\t\t\t<\/div>\n\t\t\t\t<div class=\"elementor-element elementor-element-d53498a wpr-post-info-align-left elementor-widget elementor-widget-wpr-post-info\" data-id=\"d53498a\" data-element_type=\"widget\" data-widget_type=\"wpr-post-info.default\">\n\t\t\t\t<div class=\"elementor-widget-container\">\n\t\t\t\t\t<ul class=\"wpr-post-info wpr-post-info-horizontal\"><li class=\"wpr-post-info-taxonomy\"><span>Dise\u00f1o<span class=\"tax-sep\">, <\/span><\/span><span>Filosof\u00eda<\/span><\/li><li class=\"wpr-post-info-date\"><span>March 12, 2025<\/span><\/li><li class=\"wpr-post-info-author\"><span>memoria<\/span><\/li><\/ul>\t\t\t\t<\/div>\n\t\t\t\t<\/div>\n\t\t\t\t<div class=\"elementor-element elementor-element-f94b7a8 elementor-widget elementor-widget-heading\" data-id=\"f94b7a8\" data-element_type=\"widget\" data-widget_type=\"heading.default\">\n\t\t\t\t<div class=\"elementor-widget-container\">\n\t\t\t\t\t<h2 class=\"elementor-heading-title elementor-size-default\">1. Construcci\u00f3n de Redes de Trabajo con Talento Local<\/h2>\t\t\t\t<\/div>\n\t\t\t\t<\/div>\n\t\t\t\t<div class=\"elementor-element elementor-element-469ee9c elementor-widget elementor-widget-image\" data-id=\"469ee9c\" data-element_type=\"widget\" data-widget_type=\"image.default\">\n\t\t\t\t<div class=\"elementor-widget-container\">\n\t\t\t\t\t\t\t\t\t\t\t\t\t\t\t<img fetchpriority=\"high\" decoding=\"async\" width=\"800\" height=\"485\" src=\"https:\/\/epigrama.co\/wp-content\/uploads\/2025\/03\/Trabajo-en-territorio.jpg\" class=\"attachment-large size-large wp-image-4175\" alt=\"La inclusi\u00f3n potencia la creatividad\" \/>\t\t\t\t\t\t\t\t\t\t\t\t\t\t\t<\/div>\n\t\t\t\t<\/div>\n\t\t\t\t<div class=\"elementor-element elementor-element-54d9780 elementor-widget elementor-widget-text-editor\" data-id=\"54d9780\" data-element_type=\"widget\" data-widget_type=\"text-editor.default\">\n\t\t\t\t<div class=\"elementor-widget-container\">\n\t\t\t\t\t\t\t\t\t<p data-pm-slice=\"1 1 []\">Un enfoque inclusivo en las empresas creativas tambi\u00e9n implica la <strong>integraci\u00f3n de talentos locales en los proyectos<\/strong>, promoviendo el desarrollo de las comunidades en las que se trabaja. Contar con dise\u00f1adores, artistas y creativos que formen parte de los territorios donde se implementan los proyectos no solo fortalece la autenticidad y pertinencia cultural del trabajo, sino que tambi\u00e9n genera oportunidades econ\u00f3micas para la comunidad. Apostar por redes de trabajo locales <strong>enriquece los proyectos con conocimientos espec\u00edficos del territorio<\/strong>.<\/p><p>Fomentar redes de trabajo locales permite una mejor comprensi\u00f3n del contexto, favorece la innovaci\u00f3n basada en saberes tradicionales y contempor\u00e1neos, y refuerza el compromiso social de la empresa con los territorios en los que opera.<\/p><p data-pm-slice=\"1 1 []\">Incorporar talento local en los equipos de trabajo <strong>fortalece la legitimidad del proyecto dentro de la comunidad<\/strong> pues permite un di\u00e1logo m\u00e1s honesto con las realidades sociales y culturales del lugar.<\/p><p>Fomentar este tipo de colaboraciones implica dise\u00f1ar metodolog\u00edas de trabajo m\u00e1s horizontales, donde la <strong>co-creaci\u00f3n<\/strong> reemplace las jerarqu\u00edas r\u00edgidas. No se trata solo de contratar talento local, sino de integrarlo activamente en la conversaci\u00f3n.<\/p>\t\t\t\t\t\t\t\t<\/div>\n\t\t\t\t<\/div>\n\t\t\t\t<div class=\"elementor-element elementor-element-e65a03e elementor-widget elementor-widget-heading\" data-id=\"e65a03e\" data-element_type=\"widget\" data-widget_type=\"heading.default\">\n\t\t\t\t<div class=\"elementor-widget-container\">\n\t\t\t\t\t<h2 class=\"elementor-heading-title elementor-size-default\">2. Espacios de Creaci\u00f3n Seguros y Accesibles<\/h2>\t\t\t\t<\/div>\n\t\t\t\t<\/div>\n\t\t\t\t<div class=\"elementor-element elementor-element-a9d3174 elementor-widget elementor-widget-text-editor\" data-id=\"a9d3174\" data-element_type=\"widget\" data-widget_type=\"text-editor.default\">\n\t\t\t\t<div class=\"elementor-widget-container\">\n\t\t\t\t\t\t\t\t\t<p data-pm-slice=\"1 1 []\">Un aspecto clave en la inclusi\u00f3n dentro de proyectos creativos es la generaci\u00f3n de entornos donde todas las personas puedan trabajar sin barreras que limiten su participaci\u00f3n. Esto implica considerar accesibilidad en el sentido amplio: desde infraestructuras f\u00edsicas hasta din\u00e1micas de comunicaci\u00f3n y estructuras organizativas. Como se\u00f1ala Judith Butler, <em>\u00ablas condiciones de posibilidad para la existencia deben ser continuamente cuestionadas y transformadas\u00bb<\/em>. En este sentido, es fundamental revisar constantemente las pr\u00e1cticas de trabajo para identificar y eliminar sesgos o din\u00e1micas excluyentes para promover espacios en los que las personas puedan explorar libremente su identidad y, sobre todo, la <strong>otredad<\/strong>.<\/p>\t\t\t\t\t\t\t\t<\/div>\n\t\t\t\t<\/div>\n\t\t\t\t<div class=\"elementor-element elementor-element-9e7d69f elementor-widget elementor-widget-heading\" data-id=\"9e7d69f\" data-element_type=\"widget\" data-widget_type=\"heading.default\">\n\t\t\t\t<div class=\"elementor-widget-container\">\n\t\t\t\t\t<h2 class=\"elementor-heading-title elementor-size-default\">3. La Importancia de la Otredad en los Procesos Creativos<\/h2>\t\t\t\t<\/div>\n\t\t\t\t<\/div>\n\t\t\t\t<div class=\"elementor-element elementor-element-9cc2a88 elementor-widget elementor-widget-text-editor\" data-id=\"9cc2a88\" data-element_type=\"widget\" data-widget_type=\"text-editor.default\">\n\t\t\t\t<div class=\"elementor-widget-container\">\n\t\t\t\t\t\t\t\t\t<p data-pm-slice=\"1 1 []\">En todo proceso creativo, el encuentro con <em>el otro<\/em> es una fuente inagotable de aprendizaje y evoluci\u00f3n. La otredad es una realidad que nos interpela constantemente. Emmanuel Levinas argumentaba que la relaci\u00f3n con el otro es el fundamento de la \u00e9tica, pues en su rostro encontramos la responsabilidad de nuestra propia existencia. En el \u00e1mbito creativo, reconocer la otredad significa <strong>abrirse a perspectivas que desaf\u00edan nuestras propias ideas y prejuicios<\/strong>.<\/p><p>Trabajar desde la otredad en proyectos creativos implica permitir que voces diversas e incluso antagonistas dialoguen y transformen el proceso mismo de creaci\u00f3n. Es necesario dise\u00f1ar espacios donde las diferencias no sean meramente toleradas, sino entendidas como una parte esencial de la conversaci\u00f3n y la construcci\u00f3n colectiva. Como mencionaba Martin Buber, <em>\u00abel yo se realiza en la relaci\u00f3n con el t\u00fa\u00bb.<\/em><\/p><p>La otredad en el \u00e1mbito creativo se refiere a la inclusi\u00f3n de personas con diferentes antecedentes culturales o sociales, pero tambi\u00e9n a la integraci\u00f3n de nuevas formas de pensar, sentir y expresar. Esto implica cuestionar paradigmas establecidos, como dir\u00eda Gilles Deleuze, <em>\u00abla diferencia es el motor de la creaci\u00f3n\u00bb<\/em>, y solo al abrirnos a lo otro podemos trascender los l\u00edmites de nuestra propia imaginaci\u00f3n.<\/p><p>En este sentido, un proyecto creativo verdaderamente inclusivo debe preguntarse constantemente: \u00bfde qu\u00e9 manera estamos dialogando con el otro? La inclusi\u00f3n real requiere una escucha activa, una disposici\u00f3n a la transformaci\u00f3n y una apertura genuina a lo que el otro puede aportar.<\/p>\t\t\t\t\t\t\t\t<\/div>\n\t\t\t\t<\/div>\n\t\t\t\t<div class=\"elementor-element elementor-element-b391f7b elementor-widget elementor-widget-heading\" data-id=\"b391f7b\" data-element_type=\"widget\" data-widget_type=\"heading.default\">\n\t\t\t\t<div class=\"elementor-widget-container\">\n\t\t\t\t\t<h2 class=\"elementor-heading-title elementor-size-default\">4. Los esp\u00edritus invisibles<\/h2>\t\t\t\t<\/div>\n\t\t\t\t<\/div>\n\t\t\t\t<div class=\"elementor-element elementor-element-c577ba1 elementor-widget elementor-widget-image\" data-id=\"c577ba1\" data-element_type=\"widget\" data-widget_type=\"image.default\">\n\t\t\t\t<div class=\"elementor-widget-container\">\n\t\t\t\t\t\t\t\t\t\t\t\t\t\t\t<img decoding=\"async\" width=\"800\" height=\"485\" src=\"https:\/\/epigrama.co\/wp-content\/uploads\/2025\/03\/espiritus-invisibles.jpg\" class=\"attachment-large size-large wp-image-4178\" alt=\"Escucha los esp\u00edritus invisibles\" \/>\t\t\t\t\t\t\t\t\t\t\t\t\t\t\t<\/div>\n\t\t\t\t<\/div>\n\t\t\t\t<div class=\"elementor-element elementor-element-474d12c elementor-widget elementor-widget-text-editor\" data-id=\"474d12c\" data-element_type=\"widget\" data-widget_type=\"text-editor.default\">\n\t\t\t\t<div class=\"elementor-widget-container\">\n\t\t\t\t\t\t\t\t\t<p data-pm-slice=\"1 1 []\">Edgar Morin menciona que <em>\u00abla inteligencia solo puede comprenderse en su relaci\u00f3n con el entorno\u00bb<\/em>, y en este sentido, la creaci\u00f3n art\u00edstica y cultural debe considerar su v\u00ednculo con los paisajes, los territorios y los elementos invisibles que los habitan.<\/p><p data-pm-slice=\"1 1 []\">En muchas cosmovisiones ind\u00edgenas y filosof\u00edas ancestrales, la naturaleza es vista como un sujeto con agencia, con el que es posible dialogar y aprender. El reconocimiento de la naturaleza como interlocutora en los procesos creativos permite desarrollar proyectos m\u00e1s sostenibles, arraigados en los ciclos y ritmos del entorno. Escuchar a los \u201cesp\u00edritus invisibles\u201d implica entender que la materialidad emerge de una red de interdependencia con el mundo natural. Los seres nos humanos tambi\u00e9n pueden ser part\u00edcupes de los procesos creativos.<\/p>\t\t\t\t\t\t\t\t<\/div>\n\t\t\t\t<\/div>\n\t\t\t\t<div class=\"elementor-element elementor-element-83f68b0 elementor-widget elementor-widget-heading\" data-id=\"83f68b0\" data-element_type=\"widget\" data-widget_type=\"heading.default\">\n\t\t\t\t<div class=\"elementor-widget-container\">\n\t\t\t\t\t<h2 class=\"elementor-heading-title elementor-size-default\">5. Conclusi\u00f3n<\/h2>\t\t\t\t<\/div>\n\t\t\t\t<\/div>\n\t\t\t\t<div class=\"elementor-element elementor-element-1e8c621 elementor-widget elementor-widget-text-editor\" data-id=\"1e8c621\" data-element_type=\"widget\" data-widget_type=\"text-editor.default\">\n\t\t\t\t<div class=\"elementor-widget-container\">\n\t\t\t\t\t\t\t\t\t<p data-pm-slice=\"1 1 []\">La creatividad con un enfoque incluyente es, en esencia, un acto de encuentro. Un encuentro con ideas, con sensibilidades distintas, con maneras diversas de comprender el mundo.<\/p><p>Cuando abrimos espacios donde diversas voces puedan resonar, nos damos la posibilidad de crear, crear de verdad, e incluso sanar, en espacios seguros donde existe la posibilidad de transformarnos a nosotros mismos y, as\u00ed, transformar el mundo.<\/p>\t\t\t\t\t\t\t\t<\/div>\n\t\t\t\t<\/div>\n\t\t<div class=\"elementor-element elementor-element-fcd9ce2 e-flex e-con-boxed wpr-particle-no wpr-jarallax-no wpr-parallax-no wpr-sticky-section-no e-con e-child\" data-id=\"fcd9ce2\" data-element_type=\"container\">\n\t\t\t\t\t<div class=\"e-con-inner\">\n\t\t\t\t<div class=\"elementor-element elementor-element-8e161f8 elementor-widget elementor-widget-text-editor\" data-id=\"8e161f8\" data-element_type=\"widget\" data-widget_type=\"text-editor.default\">\n\t\t\t\t<div class=\"elementor-widget-container\">\n\t\t\t\t\t\t\t\t\t<p>Imprime esta p\u00e1gina para llevarla contigo:<\/p>\t\t\t\t\t\t\t\t<\/div>\n\t\t\t\t<\/div>\n\t\t\t\t<div class=\"elementor-element elementor-element-9969453 elementor-grid-1 elementor-grid-mobile-1 elementor-widget__width-initial elementor-widget-mobile__width-initial elementor-widget elementor-widget-wpr-sharing-buttons\" data-id=\"9969453\" data-element_type=\"widget\" data-widget_type=\"wpr-sharing-buttons.default\">\n\t\t\t\t<div class=\"elementor-widget-container\">\n\t\t\t\t\t<div class=\"wpr-sharing-buttons elementor-grid wpr-sharing-official wpr-sharing-label-off wpr-sharing-label-tr\"><div class=\"elementor-grid-item\"><a href=\"javascript:window.print()\" class=\"wpr-sharing-icon wpr-sharing-print\" title=\"\" target=\"_blank\"><i class=\"fas fa-print\"><\/i><\/a><\/div><\/div>\t\t\t\t<\/div>\n\t\t\t\t<\/div>\n\t\t\t\t\t<\/div>\n\t\t\t\t<\/div>\n\t\t\t\t<div class=\"elementor-element elementor-element-45cb18c elementor-widget elementor-widget-wpr-post-navigation\" data-id=\"45cb18c\" data-element_type=\"widget\" data-widget_type=\"wpr-post-navigation.default\">\n\t\t\t\t<div class=\"elementor-widget-container\">\n\t\t\t\t\t<div class=\"wpr-post-navigation-wrap elementor-clearfix wpr-post-nav-static-wrap wpr-post-nav-dividers\"><div class=\"wpr-post-nav-prev wpr-post-navigation wpr-post-nav-static\"><a href=\"https:\/\/epigrama.co\/en\/aprende-diseno-editorial-basico\/\" class=\"elementor-clearfix\"><div class=\"wpr-posts-navigation-svg-wrapper\"><svg version=\"1.1\" xmlns=\"http:\/\/www.w3.org\/2000\/svg\" xmlns:xlink=\"http:\/\/www.w3.org\/1999\/xlink\" x=\"0px\" y=\"0px\" viewbox=\"0 0 303.3 512\" style=\"enable-background:new 0 0 303.3 512;\" xml:space=\"preserve\"><g><polygon class=\"st0\" points=\"94.7,256 303.3,464.6 256,512 47.3,303.4 0,256 47.3,208.6 256,0 303.3,47.4 \"\/><\/g><\/svg><\/div><div class=\"wpr-post-nav-labels\"><span>Previous Post<\/span><\/div><\/a><\/div><div class=\"wpr-post-nav-divider\"><\/div><div class=\"wpr-post-nav-next wpr-post-navigation wpr-post-nav-static\"><\/div><\/div>\t\t\t\t<\/div>\n\t\t\t\t<\/div>\n\t\t\t\t<\/div>\n\t\t<div data-wpr-sticky-section=\"yes\" data-wpr-position-type=\"sticky\" data-wpr-position-offset=\"0\" data-wpr-position-location=\"top\" data-wpr-sticky-devices=\"desktop_sticky\" data-wpr-custom-breakpoints=\"default\" data-wpr-active-breakpoints=\"mobile_sticky tablet_sticky desktop_sticky\" data-wpr-z-index=\"10\" data-wpr-sticky-hide=\"\" data-wpr-replace-header=\"\" data-wpr-animation-duration=\"\" data-wpr-sticky-type=\"sticky\" class=\"elementor-element elementor-element-aae4b9e wpr-sticky-section-yes e-flex e-con-boxed wpr-particle-no wpr-jarallax-no wpr-parallax-no e-con e-child\" data-id=\"aae4b9e\" data-element_type=\"container\" data-settings=\"{&quot;position_offset&quot;:0,&quot;position_offset_tablet&quot;:0,&quot;position_offset_mobile&quot;:0}\">\n\t\t\t\t\t<div class=\"e-con-inner\">\n\t\t\t\t<div class=\"elementor-element elementor-element-65ddcdeb elementor-align-justify elementor-widget elementor-widget-button\" data-id=\"65ddcdeb\" data-element_type=\"widget\" data-widget_type=\"button.default\">\n\t\t\t\t<div class=\"elementor-widget-container\">\n\t\t\t\t\t\t\t\t\t<div class=\"elementor-button-wrapper\">\n\t\t\t\t\t<a class=\"elementor-button elementor-button-link elementor-size-sm\" href=\"https:\/\/epigrama.co\/en\/biblioteca\/\">\n\t\t\t\t\t\t<span class=\"elementor-button-content-wrapper\">\n\t\t\t\t\t\t<span class=\"elementor-button-icon\">\n\t\t\t\t<i aria-hidden=\"true\" class=\"fas fa-caret-left\"><\/i>\t\t\t<\/span>\n\t\t\t\t\t\t\t\t\t<span class=\"elementor-button-text\">Volver a la biblioteca<\/span>\n\t\t\t\t\t<\/span>\n\t\t\t\t\t<\/a>\n\t\t\t\t<\/div>\n\t\t\t\t\t\t\t\t<\/div>\n\t\t\t\t<\/div>\n\t\t\t\t<div class=\"elementor-element elementor-element-329bf9f elementor-widget elementor-widget-wp-widget-recent-posts\" data-id=\"329bf9f\" data-element_type=\"widget\" data-widget_type=\"wp-widget-recent-posts.default\">\n\t\t\t\t<div class=\"elementor-widget-container\">\n\t\t\t\t\t\n\t\t\n\t\t<h5>Entradas recientes<\/h5>\n\t\t<ul>\n\t\t\t\t\t\t\t\t\t\t\t<li>\n\t\t\t\t\t<a href=\"https:\/\/epigrama.co\/en\/la-importancia-de-las-politicas-inclusivas-en-proyectos-creativos\/\">La Importancia de las Pol\u00edticas Inclusivas en Proyectos Creativos<\/a>\n\t\t\t\t\t\t\t\t\t<\/li>\n\t\t\t\t\t\t\t\t\t\t\t<li>\n\t\t\t\t\t<a href=\"https:\/\/epigrama.co\/en\/aprende-diseno-editorial-basico\/\">Dise\u00f1o Editorial B\u00e1sico: Convierte tus p\u00e1ginas en experiencias.<\/a>\n\t\t\t\t\t\t\t\t\t<\/li>\n\t\t\t\t\t\t\t\t\t\t\t<li>\n\t\t\t\t\t<a href=\"https:\/\/epigrama.co\/en\/checklist-para-el-rodaje-de-entrevistas\/\">Checklist para el rodaje de entrevistas<\/a>\n\t\t\t\t\t\t\t\t\t<\/li>\n\t\t\t\t\t\t\t\t\t\t\t<li>\n\t\t\t\t\t<a href=\"https:\/\/epigrama.co\/en\/claves-basicas-para-el-registro-documental\/\">Claves b\u00e1sicas para el registro documental (sin gastar demasiado).<\/a>\n\t\t\t\t\t\t\t\t\t<\/li>\n\t\t\t\t\t\t\t\t\t\t\t<li>\n\t\t\t\t\t<a href=\"https:\/\/epigrama.co\/en\/montaje-documental-la-importancia-de-la-atencion-y-la-escucha\/\">Montaje documental: Atenci\u00f3n plena y escucha activa<\/a>\n\t\t\t\t\t\t\t\t\t<\/li>\n\t\t\t\t\t<\/ul>\n\n\t\t\t\t\t\t<\/div>\n\t\t\t\t<\/div>\n\t\t<div class=\"elementor-element elementor-element-45bdd193 e-flex e-con-boxed wpr-particle-no wpr-jarallax-no wpr-parallax-no wpr-sticky-section-no e-con e-child\" data-id=\"45bdd193\" data-element_type=\"container\" data-settings=\"{&quot;background_background&quot;:&quot;classic&quot;}\">\n\t\t\t\t\t<div class=\"e-con-inner\">\n\t\t\t\t<div class=\"elementor-element elementor-element-64959759 elementor-widget elementor-widget-heading\" data-id=\"64959759\" data-element_type=\"widget\" data-widget_type=\"heading.default\">\n\t\t\t\t<div class=\"elementor-widget-container\">\n\t\t\t\t\t<h2 class=\"elementor-heading-title elementor-size-default\"><a href=\"https:\/\/epigrama.co\/en\/\">Desarrolla tu historia con expertos en producci\u00f3n, realizaci\u00f3n, montaje y storytelling.<\/a><\/h2>\t\t\t\t<\/div>\n\t\t\t\t<\/div>\n\t\t\t\t<div class=\"elementor-element elementor-element-17b1ef56 elementor-align-justify elementor-widget elementor-widget-button\" data-id=\"17b1ef56\" data-element_type=\"widget\" data-widget_type=\"button.default\">\n\t\t\t\t<div class=\"elementor-widget-container\">\n\t\t\t\t\t\t\t\t\t<div class=\"elementor-button-wrapper\">\n\t\t\t\t\t<a class=\"elementor-button elementor-button-link elementor-size-sm\" href=\"https:\/\/epigrama.co\/en\/\">\n\t\t\t\t\t\t<span class=\"elementor-button-content-wrapper\">\n\t\t\t\t\t\t\t\t\t<span class=\"elementor-button-text\">IR A EPIGRAMA STUDIOS<\/span>\n\t\t\t\t\t<\/span>\n\t\t\t\t\t<\/a>\n\t\t\t\t<\/div>\n\t\t\t\t\t\t\t\t<\/div>\n\t\t\t\t<\/div>\n\t\t\t\t\t<\/div>\n\t\t\t\t<\/div>\n\t\t\t\t\t<\/div>\n\t\t\t\t<\/div>\n\t\t\t\t\t<\/div>\n\t\t\t\t<\/div>\n\t\t\t\t<\/div>","protected":false},"excerpt":{"rendered":"<p>Cuando abrimos espacios donde diversas voces puedan resonar, nos damos la posibilidad de crear, crear de verdad, e incluso sanar, en espacios seguros donde existe la posibilidad de transformarnos a nosotros mismos y, as\u00ed, transformar el mundo.<\/p>","protected":false},"author":1,"featured_media":4194,"comment_status":"closed","ping_status":"open","sticky":false,"template":"","format":"standard","meta":{"footnotes":""},"categories":[27,29],"tags":[],"yoast_head":"<!-- This site is optimized with the Yoast SEO plugin v22.5 - https:\/\/yoast.com\/wordpress\/plugins\/seo\/ -->\n<title>Pol\u00edticas inclusivas en espacios creativos<\/title>\n<meta name=\"description\" content=\"Cuando abrimos espacios donde diversas voces puedan resonar, nos damos la posibilidad de transformar y sanar desde lo com\u00fan a lo individual.\" \/>\n<meta name=\"robots\" content=\"index, follow, max-snippet:-1, max-image-preview:large, max-video-preview:-1\" \/>\n<link rel=\"canonical\" href=\"https:\/\/epigrama.co\/en\/la-importancia-de-las-politicas-inclusivas-en-proyectos-creativos\/\" \/>\n<meta property=\"og:locale\" content=\"en_GB\" \/>\n<meta property=\"og:type\" content=\"article\" \/>\n<meta property=\"og:title\" content=\"Pol\u00edticas inclusivas en espacios creativos\" \/>\n<meta property=\"og:description\" content=\"Cuando abrimos espacios donde diversas voces puedan resonar, nos damos la posibilidad de transformar y sanar desde lo com\u00fan a lo individual.\" \/>\n<meta property=\"og:url\" content=\"https:\/\/epigrama.co\/en\/la-importancia-de-las-politicas-inclusivas-en-proyectos-creativos\/\" \/>\n<meta property=\"og:site_name\" content=\"EPIGRAMA STUDIOS\" \/>\n<meta property=\"article:published_time\" content=\"2025-03-12T08:58:13+00:00\" \/>\n<meta property=\"article:modified_time\" content=\"2025-03-26T11:56:00+00:00\" \/>\n<meta property=\"og:image\" content=\"https:\/\/epigrama.co\/wp-content\/uploads\/2025\/03\/inclusion4.jpg\" \/>\n\t<meta property=\"og:image:width\" content=\"1080\" \/>\n\t<meta property=\"og:image:height\" content=\"1080\" \/>\n\t<meta property=\"og:image:type\" content=\"image\/jpeg\" \/>\n<meta name=\"author\" content=\"memoria\" \/>\n<meta name=\"twitter:card\" content=\"summary_large_image\" \/>\n<meta name=\"twitter:label1\" content=\"Written by\" \/>\n\t<meta name=\"twitter:data1\" content=\"memoria\" \/>\n\t<meta name=\"twitter:label2\" content=\"Estimated reading time\" \/>\n\t<meta name=\"twitter:data2\" content=\"5 minutes\" \/>\n<script type=\"application\/ld+json\" class=\"yoast-schema-graph\">{\"@context\":\"https:\/\/schema.org\",\"@graph\":[{\"@type\":\"Article\",\"@id\":\"https:\/\/epigrama.co\/la-importancia-de-las-politicas-inclusivas-en-proyectos-creativos\/#article\",\"isPartOf\":{\"@id\":\"https:\/\/epigrama.co\/la-importancia-de-las-politicas-inclusivas-en-proyectos-creativos\/\"},\"author\":{\"name\":\"memoria\",\"@id\":\"https:\/\/epigrama.co\/#\/schema\/person\/6c9d1a6ef2a9c4c1774e5c83eeacd6d5\"},\"headline\":\"La Importancia de las Pol\u00edticas Inclusivas en Proyectos Creativos\",\"datePublished\":\"2025-03-12T08:58:13+00:00\",\"dateModified\":\"2025-03-26T11:56:00+00:00\",\"mainEntityOfPage\":{\"@id\":\"https:\/\/epigrama.co\/la-importancia-de-las-politicas-inclusivas-en-proyectos-creativos\/\"},\"wordCount\":940,\"publisher\":{\"@id\":\"https:\/\/epigrama.co\/#organization\"},\"image\":{\"@id\":\"https:\/\/epigrama.co\/la-importancia-de-las-politicas-inclusivas-en-proyectos-creativos\/#primaryimage\"},\"thumbnailUrl\":\"https:\/\/epigrama.co\/wp-content\/uploads\/2025\/03\/inclusion4.jpg\",\"articleSection\":[\"Dise\u00f1o\",\"Filosof\u00eda\"],\"inLanguage\":\"en-GB\"},{\"@type\":\"WebPage\",\"@id\":\"https:\/\/epigrama.co\/la-importancia-de-las-politicas-inclusivas-en-proyectos-creativos\/\",\"url\":\"https:\/\/epigrama.co\/la-importancia-de-las-politicas-inclusivas-en-proyectos-creativos\/\",\"name\":\"Pol\u00edticas inclusivas en espacios creativos\",\"isPartOf\":{\"@id\":\"https:\/\/epigrama.co\/#website\"},\"primaryImageOfPage\":{\"@id\":\"https:\/\/epigrama.co\/la-importancia-de-las-politicas-inclusivas-en-proyectos-creativos\/#primaryimage\"},\"image\":{\"@id\":\"https:\/\/epigrama.co\/la-importancia-de-las-politicas-inclusivas-en-proyectos-creativos\/#primaryimage\"},\"thumbnailUrl\":\"https:\/\/epigrama.co\/wp-content\/uploads\/2025\/03\/inclusion4.jpg\",\"datePublished\":\"2025-03-12T08:58:13+00:00\",\"dateModified\":\"2025-03-26T11:56:00+00:00\",\"description\":\"Cuando abrimos espacios donde diversas voces puedan resonar, nos damos la posibilidad de transformar y sanar desde lo com\u00fan a lo individual.\",\"breadcrumb\":{\"@id\":\"https:\/\/epigrama.co\/la-importancia-de-las-politicas-inclusivas-en-proyectos-creativos\/#breadcrumb\"},\"inLanguage\":\"en-GB\",\"potentialAction\":[{\"@type\":\"ReadAction\",\"target\":[\"https:\/\/epigrama.co\/la-importancia-de-las-politicas-inclusivas-en-proyectos-creativos\/\"]}]},{\"@type\":\"ImageObject\",\"inLanguage\":\"en-GB\",\"@id\":\"https:\/\/epigrama.co\/la-importancia-de-las-politicas-inclusivas-en-proyectos-creativos\/#primaryimage\",\"url\":\"https:\/\/epigrama.co\/wp-content\/uploads\/2025\/03\/inclusion4.jpg\",\"contentUrl\":\"https:\/\/epigrama.co\/wp-content\/uploads\/2025\/03\/inclusion4.jpg\",\"width\":1080,\"height\":1080,\"caption\":\"La inclusi\u00f3n potencia la creatividad\"},{\"@type\":\"BreadcrumbList\",\"@id\":\"https:\/\/epigrama.co\/la-importancia-de-las-politicas-inclusivas-en-proyectos-creativos\/#breadcrumb\",\"itemListElement\":[{\"@type\":\"ListItem\",\"position\":1,\"name\":\"Home\",\"item\":\"https:\/\/epigrama.co\/\"},{\"@type\":\"ListItem\",\"position\":2,\"name\":\"La Importancia de las Pol\u00edticas Inclusivas en Proyectos Creativos\"}]},{\"@type\":\"WebSite\",\"@id\":\"https:\/\/epigrama.co\/#website\",\"url\":\"https:\/\/epigrama.co\/\",\"name\":\"EPIGRAMA STUDIOS\",\"description\":\"Relatos Visuales\",\"publisher\":{\"@id\":\"https:\/\/epigrama.co\/#organization\"},\"potentialAction\":[{\"@type\":\"SearchAction\",\"target\":{\"@type\":\"EntryPoint\",\"urlTemplate\":\"https:\/\/epigrama.co\/?s={search_term_string}\"},\"query-input\":\"required name=search_term_string\"}],\"inLanguage\":\"en-GB\"},{\"@type\":\"Organization\",\"@id\":\"https:\/\/epigrama.co\/#organization\",\"name\":\"EPIGRAMA STUDIOS\",\"url\":\"https:\/\/epigrama.co\/\",\"logo\":{\"@type\":\"ImageObject\",\"inLanguage\":\"en-GB\",\"@id\":\"https:\/\/epigrama.co\/#\/schema\/logo\/image\/\",\"url\":\"https:\/\/epigrama.co\/wp-content\/uploads\/2022\/06\/Epigrama-typo.png\",\"contentUrl\":\"https:\/\/epigrama.co\/wp-content\/uploads\/2022\/06\/Epigrama-typo.png\",\"width\":540,\"height\":141,\"caption\":\"EPIGRAMA STUDIOS\"},\"image\":{\"@id\":\"https:\/\/epigrama.co\/#\/schema\/logo\/image\/\"},\"sameAs\":[\"https:\/\/www.instagram.com\/epigrama_studios\/\",\"https:\/\/www.linkedin.com\/company\/epigrama\/about\/\"]},{\"@type\":\"Person\",\"@id\":\"https:\/\/epigrama.co\/#\/schema\/person\/6c9d1a6ef2a9c4c1774e5c83eeacd6d5\",\"name\":\"memoria\",\"image\":{\"@type\":\"ImageObject\",\"inLanguage\":\"en-GB\",\"@id\":\"https:\/\/epigrama.co\/#\/schema\/person\/image\/\",\"url\":\"https:\/\/secure.gravatar.com\/avatar\/a17e05899176a357d96ed0c356634da1?s=96&d=mm&r=g\",\"contentUrl\":\"https:\/\/secure.gravatar.com\/avatar\/a17e05899176a357d96ed0c356634da1?s=96&d=mm&r=g\",\"caption\":\"memoria\"},\"url\":\"https:\/\/epigrama.co\/en\/author\/memoria\/\"}]}<\/script>\n<!-- \/ Yoast SEO plugin. -->","yoast_head_json":{"title":"Pol\u00edticas inclusivas en espacios creativos","description":"Cuando abrimos espacios donde diversas voces puedan resonar, nos damos la posibilidad de transformar y sanar desde lo com\u00fan a lo individual.","robots":{"index":"index","follow":"follow","max-snippet":"max-snippet:-1","max-image-preview":"max-image-preview:large","max-video-preview":"max-video-preview:-1"},"canonical":"https:\/\/epigrama.co\/en\/la-importancia-de-las-politicas-inclusivas-en-proyectos-creativos\/","og_locale":"en_GB","og_type":"article","og_title":"Pol\u00edticas inclusivas en espacios creativos","og_description":"Cuando abrimos espacios donde diversas voces puedan resonar, nos damos la posibilidad de transformar y sanar desde lo com\u00fan a lo individual.","og_url":"https:\/\/epigrama.co\/en\/la-importancia-de-las-politicas-inclusivas-en-proyectos-creativos\/","og_site_name":"EPIGRAMA STUDIOS","article_published_time":"2025-03-12T08:58:13+00:00","article_modified_time":"2025-03-26T11:56:00+00:00","og_image":[{"width":1080,"height":1080,"url":"https:\/\/epigrama.co\/wp-content\/uploads\/2025\/03\/inclusion4.jpg","type":"image\/jpeg"}],"author":"memoria","twitter_card":"summary_large_image","twitter_misc":{"Written by":"memoria","Estimated reading time":"5 minutes"},"schema":{"@context":"https:\/\/schema.org","@graph":[{"@type":"Article","@id":"https:\/\/epigrama.co\/la-importancia-de-las-politicas-inclusivas-en-proyectos-creativos\/#article","isPartOf":{"@id":"https:\/\/epigrama.co\/la-importancia-de-las-politicas-inclusivas-en-proyectos-creativos\/"},"author":{"name":"memoria","@id":"https:\/\/epigrama.co\/#\/schema\/person\/6c9d1a6ef2a9c4c1774e5c83eeacd6d5"},"headline":"La Importancia de las Pol\u00edticas Inclusivas en Proyectos Creativos","datePublished":"2025-03-12T08:58:13+00:00","dateModified":"2025-03-26T11:56:00+00:00","mainEntityOfPage":{"@id":"https:\/\/epigrama.co\/la-importancia-de-las-politicas-inclusivas-en-proyectos-creativos\/"},"wordCount":940,"publisher":{"@id":"https:\/\/epigrama.co\/#organization"},"image":{"@id":"https:\/\/epigrama.co\/la-importancia-de-las-politicas-inclusivas-en-proyectos-creativos\/#primaryimage"},"thumbnailUrl":"https:\/\/epigrama.co\/wp-content\/uploads\/2025\/03\/inclusion4.jpg","articleSection":["Dise\u00f1o","Filosof\u00eda"],"inLanguage":"en-GB"},{"@type":"WebPage","@id":"https:\/\/epigrama.co\/la-importancia-de-las-politicas-inclusivas-en-proyectos-creativos\/","url":"https:\/\/epigrama.co\/la-importancia-de-las-politicas-inclusivas-en-proyectos-creativos\/","name":"Pol\u00edticas inclusivas en espacios creativos","isPartOf":{"@id":"https:\/\/epigrama.co\/#website"},"primaryImageOfPage":{"@id":"https:\/\/epigrama.co\/la-importancia-de-las-politicas-inclusivas-en-proyectos-creativos\/#primaryimage"},"image":{"@id":"https:\/\/epigrama.co\/la-importancia-de-las-politicas-inclusivas-en-proyectos-creativos\/#primaryimage"},"thumbnailUrl":"https:\/\/epigrama.co\/wp-content\/uploads\/2025\/03\/inclusion4.jpg","datePublished":"2025-03-12T08:58:13+00:00","dateModified":"2025-03-26T11:56:00+00:00","description":"Cuando abrimos espacios donde diversas voces puedan resonar, nos damos la posibilidad de transformar y sanar desde lo com\u00fan a lo individual.","breadcrumb":{"@id":"https:\/\/epigrama.co\/la-importancia-de-las-politicas-inclusivas-en-proyectos-creativos\/#breadcrumb"},"inLanguage":"en-GB","potentialAction":[{"@type":"ReadAction","target":["https:\/\/epigrama.co\/la-importancia-de-las-politicas-inclusivas-en-proyectos-creativos\/"]}]},{"@type":"ImageObject","inLanguage":"en-GB","@id":"https:\/\/epigrama.co\/la-importancia-de-las-politicas-inclusivas-en-proyectos-creativos\/#primaryimage","url":"https:\/\/epigrama.co\/wp-content\/uploads\/2025\/03\/inclusion4.jpg","contentUrl":"https:\/\/epigrama.co\/wp-content\/uploads\/2025\/03\/inclusion4.jpg","width":1080,"height":1080,"caption":"La inclusi\u00f3n potencia la creatividad"},{"@type":"BreadcrumbList","@id":"https:\/\/epigrama.co\/la-importancia-de-las-politicas-inclusivas-en-proyectos-creativos\/#breadcrumb","itemListElement":[{"@type":"ListItem","position":1,"name":"Home","item":"https:\/\/epigrama.co\/"},{"@type":"ListItem","position":2,"name":"La Importancia de las Pol\u00edticas Inclusivas en Proyectos Creativos"}]},{"@type":"WebSite","@id":"https:\/\/epigrama.co\/#website","url":"https:\/\/epigrama.co\/","name":"EPIGRAMA STUDIOS","description":"Relatos Visuales","publisher":{"@id":"https:\/\/epigrama.co\/#organization"},"potentialAction":[{"@type":"SearchAction","target":{"@type":"EntryPoint","urlTemplate":"https:\/\/epigrama.co\/?s={search_term_string}"},"query-input":"required name=search_term_string"}],"inLanguage":"en-GB"},{"@type":"Organization","@id":"https:\/\/epigrama.co\/#organization","name":"EPIGRAMA STUDIOS","url":"https:\/\/epigrama.co\/","logo":{"@type":"ImageObject","inLanguage":"en-GB","@id":"https:\/\/epigrama.co\/#\/schema\/logo\/image\/","url":"https:\/\/epigrama.co\/wp-content\/uploads\/2022\/06\/Epigrama-typo.png","contentUrl":"https:\/\/epigrama.co\/wp-content\/uploads\/2022\/06\/Epigrama-typo.png","width":540,"height":141,"caption":"EPIGRAMA STUDIOS"},"image":{"@id":"https:\/\/epigrama.co\/#\/schema\/logo\/image\/"},"sameAs":["https:\/\/www.instagram.com\/epigrama_studios\/","https:\/\/www.linkedin.com\/company\/epigrama\/about\/"]},{"@type":"Person","@id":"https:\/\/epigrama.co\/#\/schema\/person\/6c9d1a6ef2a9c4c1774e5c83eeacd6d5","name":"memoria","image":{"@type":"ImageObject","inLanguage":"en-GB","@id":"https:\/\/epigrama.co\/#\/schema\/person\/image\/","url":"https:\/\/secure.gravatar.com\/avatar\/a17e05899176a357d96ed0c356634da1?s=96&d=mm&r=g","contentUrl":"https:\/\/secure.gravatar.com\/avatar\/a17e05899176a357d96ed0c356634da1?s=96&d=mm&r=g","caption":"memoria"},"url":"https:\/\/epigrama.co\/en\/author\/memoria\/"}]}},"_links":{"self":[{"href":"https:\/\/epigrama.co\/en\/wp-json\/wp\/v2\/posts\/4169"}],"collection":[{"href":"https:\/\/epigrama.co\/en\/wp-json\/wp\/v2\/posts"}],"about":[{"href":"https:\/\/epigrama.co\/en\/wp-json\/wp\/v2\/types\/post"}],"author":[{"embeddable":true,"href":"https:\/\/epigrama.co\/en\/wp-json\/wp\/v2\/users\/1"}],"replies":[{"embeddable":true,"href":"https:\/\/epigrama.co\/en\/wp-json\/wp\/v2\/comments?post=4169"}],"version-history":[{"count":14,"href":"https:\/\/epigrama.co\/en\/wp-json\/wp\/v2\/posts\/4169\/revisions"}],"predecessor-version":[{"id":4197,"href":"https:\/\/epigrama.co\/en\/wp-json\/wp\/v2\/posts\/4169\/revisions\/4197"}],"wp:featuredmedia":[{"embeddable":true,"href":"https:\/\/epigrama.co\/en\/wp-json\/wp\/v2\/media\/4194"}],"wp:attachment":[{"href":"https:\/\/epigrama.co\/en\/wp-json\/wp\/v2\/media?parent=4169"}],"wp:term":[{"taxonomy":"category","embeddable":true,"href":"https:\/\/epigrama.co\/en\/wp-json\/wp\/v2\/categories?post=4169"},{"taxonomy":"post_tag","embeddable":true,"href":"https:\/\/epigrama.co\/en\/wp-json\/wp\/v2\/tags?post=4169"}],"curies":[{"name":"wp","href":"https:\/\/api.w.org\/{rel}","templated":true}]}}